{"id":6390,"date":"2025-07-09T07:34:37","date_gmt":"2025-07-09T05:34:37","guid":{"rendered":"https:\/\/moniter.pl\/blog\/?p=6390"},"modified":"2025-07-09T09:18:41","modified_gmt":"2025-07-09T07:18:41","slug":"to-lato-zaskakuje-rpp-ponownie-obniza-stopy-procentowe-jak-zareaguje-rynek","status":"publish","type":"post","link":"https:\/\/moniter.pl\/blog\/to-lato-zaskakuje-rpp-ponownie-obniza-stopy-procentowe-jak-zareaguje-rynek\/","title":{"rendered":"To lato zaskakuje. RPP ponownie obni\u017ca stopy procentowe. Jak zareaguje rynek?"},"content":{"rendered":"\t\t<div data-elementor-type=\"wp-post\" data-elementor-id=\"6390\" class=\"elementor elementor-6390\" data-elementor-post-type=\"post\">\n\t\t\t\t\t\t<section class=\"elementor-section elementor-top-section elementor-element elementor-element-350e96cd elementor-section-boxed elementor-section-height-default elementor-section-height-default\" data-id=\"350e96cd\" data-element_type=\"section\">\n\t\t\t\t\t\t<div class=\"elementor-container elementor-column-gap-default\">\n\t\t\t\t\t<div class=\"elementor-column elementor-col-100 elementor-top-column elementor-element elementor-element-38cfa273\" data-id=\"38cfa273\" data-element_type=\"column\">\n\t\t\t<div class=\"elementor-widget-wrap elementor-element-populated\">\n\t\t\t\t\t\t<div class=\"elementor-element elementor-element-54e4d05c elementor-widget elementor-widget-text-editor\" data-id=\"54e4d05c\" data-element_type=\"widget\" data-widget_type=\"text-editor.default\">\n\t\t\t\t<div class=\"elementor-widget-container\">\n\t\t\t\t\t\t\t\t\t<p><\/p>\n<p dir=\"ltr\" style=\"line-height:1.7999999999999998;margin-top:12pt;margin-bottom:12pt;\"><span style=\"font-size:12pt;font-family:Arial,sans-serif;color:#000000;background-color:transparent;font-weight:700;font-style:normal;font-variant:normal;text-decoration:none;vertical-align:baseline;white-space:pre;white-space:pre-wrap;\">To lato zaskakuje: RPP ponownie obni\u017ca stopy procentowe. Jak zareaguje rynek?<\/span><\/p><p><b style=\"font-weight:normal;\" id=\"docs-internal-guid-93aeeac5-7fff-2887-79c6-e5d136b60b9e\"><br><\/b><\/p><p dir=\"ltr\" style=\"line-height:1.7999999999999998;margin-top:12pt;margin-bottom:12pt;\"><span style=\"font-size:11pt;font-family:Arial,sans-serif;color:#000000;background-color:transparent;font-weight:400;font-style:normal;font-variant:normal;text-decoration:none;vertical-align:baseline;white-space:pre;white-space:pre-wrap;\">Kolejna obni\u017cka st\u00f3p procentowych w ci\u0105gu zaledwie 2 miesi\u0119cy sta\u0142a si\u0119 faktem. I to wbrew prognozom wi\u0119kszo\u015bci analityk\u00f3w rynku, \u017ce RPP zaczeka z podj\u0119ciem tej decyzji do wrze\u015bnia, a mo\u017ce i nawet ko\u0144ca roku. W jaki spos\u00f3b ta prze\u0142omowa sytuacja mo\u017ce wp\u0142yn\u0105\u0107 na rynek nieruchomo\u015bci, w tym &#8211; kredytobiorc\u00f3w oraz inwestor\u00f3w? Na te pytania odpowiemy w artykule.<\/span><\/p><p><b style=\"font-weight:normal;\"><br><\/b><\/p><h3 dir=\"ltr\" style=\"line-height:1.7999999999999998;margin-top:14pt;margin-bottom:4pt;\"><span style=\"font-size:13pt;font-family:Arial,sans-serif;color:#000000;background-color:transparent;font-weight:700;font-style:normal;font-variant:normal;text-decoration:none;vertical-align:baseline;white-space:pre;white-space:pre-wrap;\">Nieoczekiwana decyzja &#8211; RPP ponownie obni\u017ca stopy procentowe<\/span><\/h3><p><b style=\"font-weight:normal;\"><br><\/b><\/p><p dir=\"ltr\" style=\"line-height:1.7999999999999998;margin-top:12pt;margin-bottom:12pt;\"><span style=\"font-size:11pt;font-family:Arial,sans-serif;color:#000000;background-color:transparent;font-weight:400;font-style:normal;font-variant:normal;text-decoration:none;vertical-align:baseline;white-space:pre;white-space:pre-wrap;\">Na pocz\u0105tku lipca 2025 roku Rada Polityki Pieni\u0119\u017cnej podj\u0119\u0142\u0105 do\u015b\u0107 zaskakuj\u0105c\u0105 decyzj\u0119, kolejny raz obni\u017caj\u0105c stopy procentowe, tym razem o <\/span><span style=\"font-size:11pt;font-family:Arial,sans-serif;color:#000000;background-color:transparent;font-weight:700;font-style:normal;font-variant:normal;text-decoration:none;vertical-align:baseline;white-space:pre;white-space:pre-wrap;\">0,25 punktu procentowego<\/span><span style=\"font-size:11pt;font-family:Arial,sans-serif;color:#000000;background-color:transparent;font-weight:400;font-style:normal;font-variant:normal;text-decoration:none;vertical-align:baseline;white-space:pre;white-space:pre-wrap;\">.&nbsp;<\/span><\/p><p dir=\"ltr\" style=\"line-height:1.7999999999999998;margin-top:12pt;margin-bottom:12pt;\"><span style=\"font-size:11pt;font-family:Arial,sans-serif;color:#000000;background-color:transparent;font-weight:400;font-style:normal;font-variant:normal;text-decoration:none;vertical-align:baseline;white-space:pre;white-space:pre-wrap;\">To ju\u017c drugie takie ostre ci\u0119cie w polityce pieni\u0119\u017cnej w ci\u0105gu zaledwie dw\u00f3ch miesi\u0119cy. Przypomnijmy, \u017ce podczas ostatniego posiedzenia RPP, kt\u00f3re mia\u0142o miejsce w maju, podj\u0119to decyzj\u0119 o obni\u017ceniu bazowej stopy o 0,5 punktu procentowego.&nbsp;<\/span><\/p><p dir=\"ltr\" style=\"line-height:1.7999999999999998;margin-top:12pt;margin-bottom:12pt;\"><span style=\"font-size:11pt;font-family:Arial,sans-serif;color:#000000;background-color:transparent;font-weight:400;font-style:normal;font-variant:normal;text-decoration:none;vertical-align:baseline;white-space:pre;white-space:pre-wrap;\">Decyzja o obni\u017ceniu st\u00f3p procentowych, podj\u0119ta niespe\u0142na tydzie\u0144 temu, spotka\u0142a si\u0119 z pozytywnym zaskoczeniem zar\u00f3wno ze strony inwestor\u00f3w, jak i kredytobiorc\u00f3w. A to dlatego, \u017ce wi\u0119kszo\u015b\u0107 ekonomist\u00f3w przewidywa\u0142a, \u017ce nast\u0105pi to najwcze\u015bniej jesieni\u0105 lub dopiero pod koniec roku. Tymczasem ju\u017c teraz <\/span><span style=\"font-size:11pt;font-family:Arial,sans-serif;color:#000000;background-color:transparent;font-weight:700;font-style:normal;font-variant:normal;text-decoration:none;vertical-align:baseline;white-space:pre;white-space:pre-wrap;\">g\u0142\u00f3wna stopa referencyjna NBP wynosi 5,0%<\/span><span style=\"font-size:11pt;font-family:Arial,sans-serif;color:#000000;background-color:transparent;font-weight:400;font-style:normal;font-variant:normal;text-decoration:none;vertical-align:baseline;white-space:pre;white-space:pre-wrap;\">.<\/span><\/p><p dir=\"ltr\" style=\"line-height:1.7999999999999998;margin-top:12pt;margin-bottom:12pt;\"><span style=\"font-size:11pt;font-family:Arial,sans-serif;color:#000000;background-color:transparent;font-weight:400;font-style:normal;font-variant:normal;text-decoration:none;vertical-align:baseline;white-space:pre;white-space:pre-wrap;\">Czy mo\u017cna stwierdzi\u0107, \u017ce jest to sygna\u0142 trwa\u0142ego trendu \u0142agodzenia polityki pieni\u0119\u017cnej? Sprawd\u017amy, co maj\u0105 do powiedzenia w tym temacie eksperci rynku nieruchomo\u015bci.<\/span><\/p><p><b style=\"font-weight:normal;\"><br><\/b><\/p><h3 dir=\"ltr\" style=\"line-height:1.7999999999999998;margin-top:14pt;margin-bottom:4pt;\"><span style=\"font-size:13pt;font-family:Arial,sans-serif;color:#000000;background-color:transparent;font-weight:700;font-style:normal;font-variant:normal;text-decoration:none;vertical-align:baseline;white-space:pre;white-space:pre-wrap;\">Co sk\u0142oni\u0142o RPP do podj\u0119cia decyzji o obni\u017ceniu st\u00f3p procentowych dwukrotnie w nied\u0142ugim czasie?<\/span><\/h3><p><b style=\"font-weight:normal;\"><br><\/b><\/p><p dir=\"ltr\" style=\"line-height:1.7999999999999998;margin-top:12pt;margin-bottom:12pt;\"><span style=\"font-size:11pt;font-family:Arial,sans-serif;color:#000000;background-color:transparent;font-weight:400;font-style:normal;font-variant:normal;text-decoration:none;vertical-align:baseline;white-space:pre;white-space:pre-wrap;\">Oczywi\u015bcie decyzja podj\u0119ta przez RPP na ostatnim posiedzeniu <\/span><span style=\"font-size:11pt;font-family:Arial,sans-serif;color:#000000;background-color:transparent;font-weight:700;font-style:normal;font-variant:normal;text-decoration:none;vertical-align:baseline;white-space:pre;white-space:pre-wrap;\">by\u0142a przede wszystkim zwi\u0105zana ze s\u0142abn\u0105c\u0105 inflacj\u0105.<\/span><span style=\"font-size:11pt;font-family:Arial,sans-serif;color:#000000;background-color:transparent;font-weight:400;font-style:normal;font-variant:normal;text-decoration:none;vertical-align:baseline;white-space:pre;white-space:pre-wrap;\"> W ostatnich miesi\u0105cach dynamika wzrostu cen zacz\u0119\u0142a zauwa\u017calnie zwalnia\u0107. To z kolei pozwoli\u0142o na rozlu\u017anienie polityki pieni\u0119\u017cnej, nie ryzykuj\u0105c tym samym ponownego nakr\u0119cenia spirali inflacji.&nbsp;<\/span><\/p><p dir=\"ltr\" style=\"line-height:1.7999999999999998;margin-top:12pt;margin-bottom:12pt;\"><span style=\"font-size:11pt;font-family:Arial,sans-serif;color:#000000;background-color:transparent;font-weight:400;font-style:normal;font-variant:normal;text-decoration:none;vertical-align:baseline;white-space:pre;white-space:pre-wrap;\">JAk mo\u017cemy przeczyta\u0107 w ostatnim Kwartalniku Ekonomicznym \u201dWojna \u015awiatow\u201d na stronie Centrum Analiz PKO BP: <\/span><span style=\"font-size:11pt;font-family:Arial,sans-serif;color:#000000;background-color:transparent;font-weight:700;font-style:normal;font-variant:normal;text-decoration:none;vertical-align:baseline;white-space:pre;white-space:pre-wrap;\">&nbsp;<\/span><span style=\"font-size:11pt;font-family:Arial,sans-serif;color:#000000;background-color:transparent;font-weight:700;font-style:italic;font-variant:normal;text-decoration:none;vertical-align:baseline;white-space:pre;white-space:pre-wrap;\">\u201ecel inflacyjny jest ju\u017c na wyci\u0105gni\u0119cie r\u0119ki, a inflacyjna rzeczywisto\u015b\u0107 po raz kolejny okaza\u0142a si\u0119 korzystniejsza od oczekiwa\u0144. W lipcu inflacja CPI mo\u017ce by\u0107 ju\u017c minimalnie poni\u017cej poziomu 3% r\/r, podobnego poziomu oczekujemy na koniec tego roku.<\/span><span style=\"font-size:11pt;font-family:Arial,sans-serif;color:#000000;background-color:transparent;font-weight:400;font-style:italic;font-variant:normal;text-decoration:none;vertical-align:baseline;white-space:pre;white-space:pre-wrap;\">\u201d<\/span><\/p><p dir=\"ltr\" style=\"line-height:1.7999999999999998;margin-top:12pt;margin-bottom:12pt;\"><span style=\"font-size:11pt;font-family:Arial,sans-serif;color:#000000;background-color:transparent;font-weight:400;font-style:normal;font-variant:normal;text-decoration:none;vertical-align:baseline;white-space:pre;white-space:pre-wrap;\">Potwierdzaj\u0105 to dane G\u0142\u00f3wnego Urz\u0119du Statystycznego (Publikacja pt.Ceny Towar\u00f3w i Us\u0142ug Konsumpcyjnych z 25 czerwca 2025 roku), na kt\u00f3rego stronie mo\u017cemy przeczyta\u0107, \u017ce:&nbsp;<\/span><\/p><p dir=\"ltr\" style=\"line-height:1.7999999999999998;margin-top:12pt;margin-bottom:12pt;\"><span style=\"font-size:11pt;font-family:Arial,sans-serif;color:#000000;background-color:transparent;font-weight:700;font-style:normal;font-variant:normal;text-decoration:none;vertical-align:baseline;white-space:pre;white-space:pre-wrap;\">\u201cW maju 2025 r. wzrost cen towar\u00f3w i us\u0142ug konsumpcyjnych w skali roku wyni\u00f3s\u0142 4,0% i by\u0142 najni\u017cszy od po\u0142owy ub. roku (w kwietniu br. ceny wzros\u0142y o 4,3%, a w maju ub. roku o 2,5%). Towary podro\u017ca\u0142y o 3,3%, a us\u0142ugi o 6,0%.<\/span><\/p><p dir=\"ltr\" style=\"line-height:1.7999999999999998;margin-top:12pt;margin-bottom:12pt;\"><span style=\"font-size:11pt;font-family:Arial,sans-serif;color:#000000;background-color:transparent;font-weight:700;font-style:normal;font-variant:normal;text-decoration:none;vertical-align:baseline;white-space:pre;white-space:pre-wrap;\">W por\u00f3wnaniu z poprzednim miesi\u0105cem ceny towar\u00f3w i us\u0142ug konsumpcyjnych w maju br. spad\u0142y o 0,2% (w kwietniu br. notowano wzrost cen o 0,4%).\u201d<\/span><\/p><p dir=\"ltr\" style=\"line-height:1.7999999999999998;margin-top:12pt;margin-bottom:12pt;\"><span style=\"font-size:11pt;font-family:Arial,sans-serif;color:#000000;background-color:transparent;font-weight:400;font-style:normal;font-variant:normal;text-decoration:none;vertical-align:baseline;white-space:pre;white-space:pre-wrap;\">Co jeszcze, opr\u00f3cz samych danych o s\u0142abn\u0105cej inflacji, wp\u0142yn\u0119\u0142o na podj\u0119cie decyzji RPP o obni\u017ceniu st\u00f3p procentowych? Tutaj warto tak\u017ce wymieni\u0107 po\u0142\u0105czenie takich czynnik\u00f3w jak: ustabilizowanie cen energii, umacnianie si\u0119 z\u0142otego czy \u015bwiatowe symptomy rozlu\u017aniania polityki finansowej (np. w dzia\u0142aniach Europejskiego Banku Centralnego).<\/span><\/p><h3 dir=\"ltr\" style=\"line-height:1.7999999999999998;margin-top:14pt;margin-bottom:4pt;\"><span style=\"font-size:13pt;font-family:Arial,sans-serif;color:#000000;background-color:transparent;font-weight:700;font-style:normal;font-variant:normal;text-decoration:none;vertical-align:baseline;white-space:pre;white-space:pre-wrap;\">Co to oznacza dla kredytobiorc\u00f3w i inwestor\u00f3w?<\/span><\/h3><p dir=\"ltr\" style=\"line-height:1.7999999999999998;margin-top:12pt;margin-bottom:12pt;\"><span style=\"font-size:11pt;font-family:Arial,sans-serif;color:#000000;background-color:transparent;font-weight:700;font-style:normal;font-variant:normal;text-decoration:none;vertical-align:baseline;white-space:pre;white-space:pre-wrap;\">Z perspektywy os\u00f3b sp\u0142acaj\u0105cych kredyty, a tak\u017ce tych, kt\u00f3rzy dopiero planuj\u0105 wzi\u0105\u0107 po\u017cyczk\u0119 na mieszkanie czy dom, to, bez dw\u00f3ch zda\u0144, pozytywne informacje<\/span><span style=\"font-size:11pt;font-family:Arial,sans-serif;color:#000000;background-color:transparent;font-weight:400;font-style:normal;font-variant:normal;text-decoration:none;vertical-align:baseline;white-space:pre;white-space:pre-wrap;\">. Poniewa\u017c obni\u017cenie st\u00f3p procentowych jest zwi\u0105zane bezpo\u015brednio z<\/span><\/p><ul style=\"margin-top:0;margin-bottom:0;padding-inline-start:48px;\"><li dir=\"ltr\" style=\"list-style-type:disc;font-size:11pt;font-family:Arial,sans-serif;color:#000000;background-color:transparent;font-weight:400;font-style:normal;font-variant:normal;text-decoration:none;vertical-align:baseline;white-space:pre;\" aria-level=\"1\"><p dir=\"ltr\" style=\"line-height:1.7999999999999998;margin-top:12pt;margin-bottom:0pt;\" role=\"presentation\"><span style=\"font-size:11pt;font-family:Arial,sans-serif;color:#000000;background-color:transparent;font-weight:700;font-style:normal;font-variant:normal;text-decoration:none;vertical-align:baseline;white-space:pre;white-space:pre-wrap;\">ni\u017cszymi ratami kredyt\u00f3w,<\/span><\/p><\/li><li dir=\"ltr\" style=\"list-style-type:disc;font-size:11pt;font-family:Arial,sans-serif;color:#000000;background-color:transparent;font-weight:400;font-style:normal;font-variant:normal;text-decoration:none;vertical-align:baseline;white-space:pre;\" aria-level=\"1\"><p dir=\"ltr\" style=\"line-height:1.7999999999999998;margin-top:0pt;margin-bottom:0pt;\" role=\"presentation\"><span style=\"font-size:11pt;font-family:Arial,sans-serif;color:#000000;background-color:transparent;font-weight:700;font-style:normal;font-variant:normal;text-decoration:none;vertical-align:baseline;white-space:pre;white-space:pre-wrap;\">wi\u0119ksz\u0105 zdolno\u015bci\u0105 kredytow\u0105<\/span><span style=\"font-size:11pt;font-family:Arial,sans-serif;color:#000000;background-color:transparent;font-weight:400;font-style:normal;font-variant:normal;text-decoration:none;vertical-align:baseline;white-space:pre;white-space:pre-wrap;\">,&nbsp;<\/span><\/p><\/li><li dir=\"ltr\" style=\"list-style-type:disc;font-size:11pt;font-family:Arial,sans-serif;color:#000000;background-color:transparent;font-weight:400;font-style:normal;font-variant:normal;text-decoration:none;vertical-align:baseline;white-space:pre;\" aria-level=\"1\"><p dir=\"ltr\" style=\"line-height:1.7999999999999998;margin-top:0pt;margin-bottom:12pt;\" role=\"presentation\"><span style=\"font-size:11pt;font-family:Arial,sans-serif;color:#000000;background-color:transparent;font-weight:700;font-style:normal;font-variant:normal;text-decoration:none;vertical-align:baseline;white-space:pre;white-space:pre-wrap;\">wi\u0119kszym zainteresowaniem zakupem domu czy mieszkania przez tych, kt\u00f3rzy do tej pory byli zmuszeni do wstrzymania si\u0119 z t\u0105 decyzj\u0105. Chocia\u017cby ze wzgl\u0119du na wysokie raty, a tak\u017ce wycofanie si\u0119 rz\u0105du z programu wsparcia kredytobiorc\u00f3w <\/span><span style=\"font-size:11pt;font-family:Arial,sans-serif;color:#000000;background-color:transparent;font-weight:400;font-style:normal;font-variant:normal;text-decoration:none;vertical-align:baseline;white-space:pre;white-space:pre-wrap;\">(np. projekt <\/span><a href=\"https:\/\/moniter.pl\/blog\/aktualne-wiadomosci-o-programie-pierwsze-klucze-co-trzeba-wiedziec\/\" style=\"text-decoration:none;\"><span style=\"font-size:11pt;font-family:Arial,sans-serif;color:#1155cc;background-color:transparent;font-weight:400;font-style:normal;font-variant:normal;text-decoration:underline;-webkit-text-decoration-skip:none;text-decoration-skip-ink:none;vertical-align:baseline;white-space:pre;white-space:pre-wrap;\">Pierwsze klucze<\/span><\/a><span style=\"font-size:11pt;font-family:Arial,sans-serif;color:#000000;background-color:transparent;font-weight:400;font-style:normal;font-variant:normal;text-decoration:none;vertical-align:baseline;white-space:pre;white-space:pre-wrap;\">, kt\u00f3ry odszed\u0142 w niepami\u0119\u0107).&nbsp;<\/span><\/p><\/li><\/ul><p dir=\"ltr\" style=\"line-height:1.7999999999999998;margin-left: 36pt;margin-top:12pt;margin-bottom:12pt;\"><span style=\"font-size:11pt;font-family:Arial,sans-serif;color:#000000;background-color:transparent;font-weight:400;font-style:normal;font-variant:normal;text-decoration:none;vertical-align:baseline;white-space:pre;white-space:pre-wrap;\">Warunki dla kupuj\u0105cych nieruchomo\u015bci zdaj\u0105 si\u0119 poprawia\u0107. Na rynku wt\u00f3rnym widoczne s\u0105&nbsp; spadki cen oraz ich stabilizacja, co pokazuj\u0105 <\/span><a href=\"https:\/\/moniter.pl\/raporty\" style=\"text-decoration:none;\"><span style=\"font-size:11pt;font-family:Arial,sans-serif;color:#1155cc;background-color:transparent;font-weight:400;font-style:normal;font-variant:normal;text-decoration:underline;-webkit-text-decoration-skip:none;text-decoration-skip-ink:none;vertical-align:baseline;white-space:pre;white-space:pre-wrap;\">raporty cen ofertowych Monitera<\/span><\/a><span style=\"font-size:11pt;font-family:Arial,sans-serif;color:#000000;background-color:transparent;font-weight:400;font-style:normal;font-variant:normal;text-decoration:none;vertical-align:baseline;white-space:pre;white-space:pre-wrap;\">.&nbsp;<\/span><\/p><p><b style=\"font-weight:normal;\"><br><\/b><\/p><p dir=\"ltr\" style=\"line-height:1.7999999999999998;margin-top:12pt;margin-bottom:12pt;\"><span style=\"font-size:13pt;font-family:Arial,sans-serif;color:#000000;background-color:transparent;font-weight:700;font-style:normal;font-variant:normal;text-decoration:none;vertical-align:baseline;white-space:pre;white-space:pre-wrap;\">Mo\u017cliwy impuls dla ca\u0142ej gospodarki<\/span><\/p><p dir=\"ltr\" style=\"line-height:1.7999999999999998;margin-top:12pt;margin-bottom:12pt;\"><span style=\"font-size:11pt;font-family:Arial,sans-serif;color:#000000;background-color:transparent;font-weight:400;font-style:normal;font-variant:normal;text-decoration:none;vertical-align:baseline;white-space:pre;white-space:pre-wrap;\">Obni\u017cki st\u00f3p procentowych to pozytywna wiadomo\u015b\u0107 nie tylko dla kredytobiorc\u00f3w. Ta decyzja mo\u017ce mie\u0107 tak\u017ce pozytywny wp\u0142yw na krajow\u0105 gospodark\u0119.&nbsp; Po okresie spowolnienia wywo\u0142anego pandemi\u0105 i konfliktami (wojna w Ukrainie, niepewna sytuacja na Bliskim Wschodzie), ni\u017csze stopy mog\u0105 pobudzi\u0107:<\/span><\/p><ul style=\"margin-top:0;margin-bottom:0;padding-inline-start:48px;\"><li dir=\"ltr\" style=\"list-style-type:disc;font-size:11pt;font-family:Arial,sans-serif;color:#000000;background-color:transparent;font-weight:400;font-style:normal;font-variant:normal;text-decoration:none;vertical-align:baseline;white-space:pre;\" aria-level=\"1\"><p dir=\"ltr\" style=\"line-height:1.7999999999999998;margin-top:12pt;margin-bottom:0pt;\" role=\"presentation\"><span style=\"font-size:11pt;font-family:Arial,sans-serif;color:#000000;background-color:transparent;font-weight:400;font-style:normal;font-variant:normal;text-decoration:none;vertical-align:baseline;white-space:pre;white-space:pre-wrap;\">firmowe inwestycje,<\/span><span style=\"font-size:11pt;font-family:Arial,sans-serif;color:#000000;background-color:transparent;font-weight:400;font-style:normal;font-variant:normal;text-decoration:none;vertical-align:baseline;white-space:pre;white-space:pre-wrap;\"><br><br><\/span><\/p><\/li><li dir=\"ltr\" style=\"list-style-type:disc;font-size:11pt;font-family:Arial,sans-serif;color:#000000;background-color:transparent;font-weight:400;font-style:normal;font-variant:normal;text-decoration:none;vertical-align:baseline;white-space:pre;\" aria-level=\"1\"><p dir=\"ltr\" style=\"line-height:1.7999999999999998;margin-top:0pt;margin-bottom:0pt;\" role=\"presentation\"><span style=\"font-size:11pt;font-family:Arial,sans-serif;color:#000000;background-color:transparent;font-weight:400;font-style:normal;font-variant:normal;text-decoration:none;vertical-align:baseline;white-space:pre;white-space:pre-wrap;\">konsumpcj\u0119,&nbsp; <\/span><span style=\"font-size:11pt;font-family:Arial,sans-serif;color:#000000;background-color:transparent;font-weight:400;font-style:normal;font-variant:normal;text-decoration:none;vertical-align:baseline;white-space:pre;white-space:pre-wrap;\"><br><br><\/span><\/p><\/li><li dir=\"ltr\" style=\"list-style-type:disc;font-size:11pt;font-family:Arial,sans-serif;color:#000000;background-color:transparent;font-weight:400;font-style:normal;font-variant:normal;text-decoration:none;vertical-align:baseline;white-space:pre;\" aria-level=\"1\"><p dir=\"ltr\" style=\"line-height:1.7999999999999998;margin-top:0pt;margin-bottom:12pt;\" role=\"presentation\"><span style=\"font-size:11pt;font-family:Arial,sans-serif;color:#000000;background-color:transparent;font-weight:400;font-style:normal;font-variant:normal;text-decoration:none;vertical-align:baseline;white-space:pre;white-space:pre-wrap;\">oraz wp\u0142yn\u0105\u0107 na poprawienie nastroj\u00f3w gospodarczych.<\/span><span style=\"font-size:11pt;font-family:Arial,sans-serif;color:#000000;background-color:transparent;font-weight:400;font-style:normal;font-variant:normal;text-decoration:none;vertical-align:baseline;white-space:pre;white-space:pre-wrap;\"><br><br><\/span><\/p><\/li><\/ul><p dir=\"ltr\" style=\"line-height:1.7999999999999998;margin-top:12pt;margin-bottom:12pt;\"><span style=\"font-size:11pt;font-family:Arial,sans-serif;color:#000000;background-color:transparent;font-weight:400;font-style:normal;font-variant:normal;text-decoration:none;vertical-align:baseline;white-space:pre;white-space:pre-wrap;\">Przedsi\u0119biorstwa mog\u0105 ch\u0119tniej podejmowa\u0107 decyzje o rozwoju, zatrudnianiu i modernizacji, a gospodarstwa domowe \u2013 cz\u0119\u015bciej decydowa\u0107 si\u0119 na wi\u0119ksze zakupy, co mo\u017ce wspiera\u0107 krajowy popyt i wzrost PKB.<\/span><\/p><p><b style=\"font-weight:normal;\"><br><\/b><\/p><h3 dir=\"ltr\" style=\"line-height:1.7999999999999998;margin-top:14pt;margin-bottom:4pt;\"><span style=\"font-size:13pt;font-family:Arial,sans-serif;color:#000000;background-color:transparent;font-weight:700;font-style:normal;font-variant:normal;text-decoration:none;vertical-align:baseline;white-space:pre;white-space:pre-wrap;\">Co nas czeka dalej?<\/span><\/h3><p dir=\"ltr\" style=\"line-height:1.7999999999999998;margin-top:12pt;margin-bottom:12pt;\"><span style=\"font-size:11pt;font-family:Arial,sans-serif;color:#000000;background-color:transparent;font-weight:400;font-style:normal;font-variant:normal;text-decoration:none;vertical-align:baseline;white-space:pre;white-space:pre-wrap;\">Wiele wskazuje na to, \u017ce prawdopodobnie RPP rozpocz\u0119\u0142a proces \u0142agodzenia polityki pieni\u0119\u017cnej, decyduj\u0105c si\u0119 na cykl obni\u017cek. Ten trend powinien si\u0119 utrzyma\u0107 przy spadaj\u0105cej inflacji i stabilizacji gospodarczej. Kolejne obni\u017cki st\u00f3p procentowych mog\u0105 nast\u0105pi\u0107 jeszcze przed ko\u0144cem 2025 roku.<\/span><\/p><p dir=\"ltr\" style=\"line-height:1.7999999999999998;margin-top:12pt;margin-bottom:12pt;\"><span style=\"font-size:11pt;font-family:Arial,sans-serif;color:#000000;background-color:transparent;font-weight:400;font-style:normal;font-variant:normal;text-decoration:none;vertical-align:baseline;white-space:pre;white-space:pre-wrap;\">Jest to dobry moment zar\u00f3wno dla os\u00f3b szukaj\u0105cych nieruchomo\u015bci dla siebie, jak i dla tych, kt\u00f3rzy chc\u0105 ulokowa\u0107 sw\u00f3j kapita\u0142 w nieruchomo\u015bciach. Warto sprawdzi\u0107 teraz swoj\u0105 zdolno\u015b\u0107 finansow\u0105 oraz zacz\u0105\u0107 poszukiwania wymarzonego M3 , lokalu na wynajem, czy np. gotowca inwestycyjnego.&nbsp;<\/span><\/p><p dir=\"ltr\" style=\"line-height:1.7999999999999998;margin-top:12pt;margin-bottom:12pt;\"><span style=\"font-size:11pt;font-family:Arial,sans-serif;color:#000000;background-color:transparent;font-weight:400;font-style:normal;font-variant:normal;text-decoration:none;vertical-align:baseline;white-space:pre;white-space:pre-wrap;\">W tym celu warto skorzysta\u0107 z Monitera, systemu, kt\u00f3ry ka\u017cdego dnia gromadzi ponad 40 tysi\u0119cy og\u0142osze\u0144. S\u0105 to zar\u00f3wno oferty nieruchomo\u015bci mieszka\u0144 i dom\u00f3w na sprzeda\u017c, jak i na wynajem, czy z licytacji komorniczych. Dodatkowo system pozwala wyszukiwa\u0107 grunty w ca\u0142ej Polsce oraz lokale u\u017cytkowe. A to tylko kilka z wielu jego mo\u017cliwo\u015bci.&nbsp;<\/span><\/p><p dir=\"ltr\" style=\"line-height:1.7999999999999998;margin-top:12pt;margin-bottom:12pt;\"><span style=\"font-size:11pt;font-family:Arial,sans-serif;color:#000000;background-color:transparent;font-weight:400;font-style:normal;font-variant:normal;text-decoration:none;vertical-align:baseline;white-space:pre;white-space:pre-wrap;\">Warto zainwestowa\u0107 w system do wyszukiwania nieruchomo\u015bci Moniter w\u0142a\u015bnie teraz, gdy RPP podj\u0119\u0142a decyzj\u0119 o obni\u017ceniu st\u00f3p procentowych. Dlatego te\u017c przygotowali\u015bmy bardzo atrakcyjne ceny pakiet\u00f3w miesi\u0119cznych, kwartalnych i rocznych. Wystarczy przej\u015b\u0107 do zak\u0142adki <\/span><a href=\"https:\/\/moniter.pl\/cennik\" style=\"text-decoration:none;\"><span style=\"font-size:11pt;font-family:Arial,sans-serif;color:#1155cc;background-color:transparent;font-weight:400;font-style:normal;font-variant:normal;text-decoration:underline;-webkit-text-decoration-skip:none;text-decoration-skip-ink:none;vertical-align:baseline;white-space:pre;white-space:pre-wrap;\">cennik<\/span><\/a><span style=\"font-size:11pt;font-family:Arial,sans-serif;color:#000000;background-color:transparent;font-weight:400;font-style:normal;font-variant:normal;text-decoration:none;vertical-align:baseline;white-space:pre;white-space:pre-wrap;\">, wybra\u0107 najlepiej dopasowany do potrzeb pakiet, i zacz\u0105\u0107 poszukiwania wymarzonego mieszkania lub nieruchomo\u015bci inwestycyjnej &#8211; zanim zrobi to konkurencja.&nbsp;<\/span><\/p><p><br><\/p>\n<p><\/p>\n<p><\/p>\t\t\t\t\t\t\t\t<\/div>\n\t\t\t\t<\/div>\n\t\t\t\t\t<\/div>\n\t\t<\/div>\n\t\t\t\t\t<\/div>\n\t\t<\/section>\n\t\t\t\t<section class=\"elementor-section elementor-top-section elementor-element elementor-element-310e51a elementor-section-boxed elementor-section-height-default elementor-section-height-default\" data-id=\"310e51a\" data-element_type=\"section\">\n\t\t\t\t\t\t<div class=\"elementor-container elementor-column-gap-default\">\n\t\t\t\t\t<div class=\"elementor-column elementor-col-100 elementor-top-column elementor-element elementor-element-bdfb56c\" data-id=\"bdfb56c\" data-element_type=\"column\">\n\t\t\t<div class=\"elementor-widget-wrap elementor-element-populated\">\n\t\t\t\t\t\t<div class=\"elementor-element elementor-element-30b88d0 elementor-widget elementor-widget-image\" data-id=\"30b88d0\" data-element_type=\"widget\" data-widget_type=\"image.default\">\n\t\t\t\t<div class=\"elementor-widget-container\">\n\t\t\t\t\t\t\t\t\t\t\t\t\t\t\t<img fetchpriority=\"high\" decoding=\"async\" width=\"800\" height=\"600\" src=\"https:\/\/moniter.pl\/blog\/wp-content\/uploads\/2025\/07\/town-96887_1280-1-1200x900.jpg\" class=\"attachment-large size-large wp-image-6398\" alt=\"\" srcset=\"https:\/\/moniter.pl\/blog\/wp-content\/uploads\/2025\/07\/town-96887_1280-1-1200x900.jpg 1200w, https:\/\/moniter.pl\/blog\/wp-content\/uploads\/2025\/07\/town-96887_1280-1-400x300.jpg 400w, https:\/\/moniter.pl\/blog\/wp-content\/uploads\/2025\/07\/town-96887_1280-1-768x576.jpg 768w, https:\/\/moniter.pl\/blog\/wp-content\/uploads\/2025\/07\/town-96887_1280-1-600x450.jpg 600w, https:\/\/moniter.pl\/blog\/wp-content\/uploads\/2025\/07\/town-96887_1280-1.jpg 1280w\" sizes=\"(max-width: 800px) 100vw, 800px\" \/>\t\t\t\t\t\t\t\t\t\t\t\t\t\t\t<\/div>\n\t\t\t\t<\/div>\n\t\t\t\t\t<\/div>\n\t\t<\/div>\n\t\t\t\t\t<\/div>\n\t\t<\/section>\n\t\t\t\t<\/div>\n\t\t","protected":false},"excerpt":{"rendered":"<p>To lato zaskakuje: RPP ponownie obni\u017ca stopy procentowe. Jak zareaguje rynek? Kolejna obni\u017cka st\u00f3p procentowych w ci\u0105gu zaledwie 2 miesi\u0119cy sta\u0142a si\u0119 faktem. I to wbrew prognozom wi\u0119kszo\u015bci analityk\u00f3w rynku, \u017ce RPP zaczeka z podj\u0119ciem tej decyzji do wrze\u015bnia, a mo\u017ce i nawet ko\u0144ca roku. W jaki spos\u00f3b ta prze\u0142omowa sytuacja mo\u017ce wp\u0142yn\u0105\u0107 na rynek [&hellip;]<\/p>\n","protected":false},"author":1,"featured_media":6396,"comment_status":"closed","ping_status":"open","sticky":false,"template":"","format":"standard","meta":{"footnotes":""},"categories":[1],"tags":[],"class_list":["post-6390","post","type-post","status-publish","format-standard","has-post-thumbnail","hentry","category-bez-kategorii"],"_links":{"self":[{"href":"https:\/\/moniter.pl\/blog\/wp-json\/wp\/v2\/posts\/6390","targetHints":{"allow":["GET"]}}],"collection":[{"href":"https:\/\/moniter.pl\/blog\/wp-json\/wp\/v2\/posts"}],"about":[{"href":"https:\/\/moniter.pl\/blog\/wp-json\/wp\/v2\/types\/post"}],"author":[{"embeddable":true,"href":"https:\/\/moniter.pl\/blog\/wp-json\/wp\/v2\/users\/1"}],"replies":[{"embeddable":true,"href":"https:\/\/moniter.pl\/blog\/wp-json\/wp\/v2\/comments?post=6390"}],"version-history":[{"count":8,"href":"https:\/\/moniter.pl\/blog\/wp-json\/wp\/v2\/posts\/6390\/revisions"}],"predecessor-version":[{"id":6411,"href":"https:\/\/moniter.pl\/blog\/wp-json\/wp\/v2\/posts\/6390\/revisions\/6411"}],"wp:featuredmedia":[{"embeddable":true,"href":"https:\/\/moniter.pl\/blog\/wp-json\/wp\/v2\/media\/6396"}],"wp:attachment":[{"href":"https:\/\/moniter.pl\/blog\/wp-json\/wp\/v2\/media?parent=6390"}],"wp:term":[{"taxonomy":"category","embeddable":true,"href":"https:\/\/moniter.pl\/blog\/wp-json\/wp\/v2\/categories?post=6390"},{"taxonomy":"post_tag","embeddable":true,"href":"https:\/\/moniter.pl\/blog\/wp-json\/wp\/v2\/tags?post=6390"}],"curies":[{"name":"wp","href":"https:\/\/api.w.org\/{rel}","templated":true}]}}